{"id":393,"date":"2024-05-22T13:48:51","date_gmt":"2024-05-22T16:48:51","guid":{"rendered":"https:\/\/aurenenlatinoamerica.com\/blog\/?p=393"},"modified":"2024-05-22T13:48:51","modified_gmt":"2024-05-22T16:48:51","slug":"por-que-trabajar-en-el-cambio-organizacional","status":"publish","type":"post","link":"https:\/\/aurenenlatinoamerica.com\/blog\/por-que-trabajar-en-el-cambio-organizacional\/","title":{"rendered":"\u00bfPor qu\u00e9 trabajar en el cambio organizacional?"},"content":{"rendered":"\n<p>Las organizaciones no maduran en forma homog\u00e9nea. Los cambios impactan de manera diferente a las distintas audiencias.<\/p>\n\n\n\n<p>Esta disparidad de impacto hace imprescindible contar con un abordaje metodol\u00f3gico que le permita a la organizaci\u00f3n ser cada vez m\u00e1s permeable a los cambios mientras&nbsp; gana eficiencia en la gesti\u00f3n de los mismos.<\/p>\n\n\n\n<p>Con equipo de consultores especializados en practicas de RRHH, comportamiento humano, en programas de desarrollo, fortalecimiento de equipos y coaching, se potencian los equipos, incorporando metodolog\u00edas \u00e1giles.<\/p>\n\n\n\n<p>Hay un abordaje que trata el desarrollo de los pilares culturales de la organizaci\u00f3n movilizando la cultura desde el desarrollo de nuevas competencias y la evoluci\u00f3n de procesos hacia un prop\u00f3sito integrador e inclusivo.<\/p>\n\n\n\n<p><strong>La Cultura: \u00bfPor que cambia la cultura??<\/strong> <\/p>\n\n\n\n<ol class=\"wp-block-list\" start=\"1\">\n<li><em>&#8211; Porque las personas se comprometen en el cambio y adoptan la nueva modalidad de trabajo \u2013 desarrollan nuevos comportamientos.<\/em><\/li>\n\n\n\n<li><em>\u00a0Porque la organizaci\u00f3n genera estructuras,\u00a0 procesos y pol\u00edticas que sostienen esos<br>comportamientos: m\u00e9todos.<\/em><\/li>\n\n\n\n<li><em>\u00a0Porque el Liderazgo asume un rol de cuidador de la Cultura.<\/em><\/li>\n<\/ol>\n\n\n\n<p><strong>Los lideres y el cambio\u2026<\/strong><\/p>\n\n\n\n<ol class=\"wp-block-list\" start=\"1\">\n<li>El obst\u00e1culo n\u00famero 1 para el \u00e9xito de grandes proyectos de cambio es la resistencia de los colaboradores y la inefectiva gesti\u00f3n del lado humano del cambio.<\/li>\n\n\n\n<li>\u00a0El obst\u00e1culo n\u00famero 2 es que m\u00e1s del 50% de los L\u00edderes (sponsors) tienen un<br>conocimiento moderado o falta de conocimiento total sobre el rol que tienen en el proceso de cambio y por lo tanto, no saben qu\u00e9 hacer.<\/li>\n<\/ol>\n\n\n\n<p><strong>Los agentes del cambio\u2026<\/strong><\/p>\n\n\n\n<ol class=\"wp-block-list\" start=\"1\">\n<li>Cumplen un rol clave en la promoci\u00f3n, mediaci\u00f3n, educaci\u00f3n y reconocimiento de los avances hacia los est\u00e1ndares deseados.<\/li>\n\n\n\n<li>\u00a0Suelen funcionar como vehiculizadores de las necesidades los distintos estratos y territorios de la organizaci\u00f3n.<\/li>\n\n\n\n<li>\u00a0Generalmente los roles especialistas no cuentan con la formaci\u00f3n necesaria en gesti\u00f3n del cambio, ni en competencias conversacionales que les permitan cumplir con un rol consultivo.<\/li>\n<\/ol>\n\n\n\n<p><a href=\"https:\/\/auren.com.py\/\" data-type=\"link\" data-id=\"https:\/\/auren.com.py\/\">Auren Paraguay<\/a><\/p>\n","protected":false},"excerpt":{"rendered":"<p>Las organizaciones no maduran en forma homog\u00e9nea. Los cambios impactan de manera diferente a las distintas audiencias. Esta disparidad de impacto hace imprescindible contar con un abordaje metodol\u00f3gico que le permita a la organizaci\u00f3n ser cada vez m\u00e1s permeable a los cambios mientras&nbsp; gana eficiencia en la gesti\u00f3n de los mismos. Con equipo de consultores [&hellip;]<\/p>\n","protected":false},"author":6,"featured_media":394,"comment_status":"closed","ping_status":"closed","sticky":false,"template":"","format":"standard","meta":{"footnotes":""},"categories":[4],"tags":[122,121,111,124,125,33,123],"class_list":["post-393","post","type-post","status-publish","format-standard","has-post-thumbnail","hentry","category-consultoria","tag-cambio","tag-gestion-del-cambio","tag-paraguay","tag-personas","tag-procesos","tag-tecnologia","tag-transformacion"],"_links":{"self":[{"href":"https:\/\/aurenenlatinoamerica.com\/blog\/wp-json\/wp\/v2\/posts\/393","targetHints":{"allow":["GET"]}}],"collection":[{"href":"https:\/\/aurenenlatinoamerica.com\/blog\/wp-json\/wp\/v2\/posts"}],"about":[{"href":"https:\/\/aurenenlatinoamerica.com\/blog\/wp-json\/wp\/v2\/types\/post"}],"author":[{"embeddable":true,"href":"https:\/\/aurenenlatinoamerica.com\/blog\/wp-json\/wp\/v2\/users\/6"}],"replies":[{"embeddable":true,"href":"https:\/\/aurenenlatinoamerica.com\/blog\/wp-json\/wp\/v2\/comments?post=393"}],"version-history":[{"count":1,"href":"https:\/\/aurenenlatinoamerica.com\/blog\/wp-json\/wp\/v2\/posts\/393\/revisions"}],"predecessor-version":[{"id":395,"href":"https:\/\/aurenenlatinoamerica.com\/blog\/wp-json\/wp\/v2\/posts\/393\/revisions\/395"}],"wp:featuredmedia":[{"embeddable":true,"href":"https:\/\/aurenenlatinoamerica.com\/blog\/wp-json\/wp\/v2\/media\/394"}],"wp:attachment":[{"href":"https:\/\/aurenenlatinoamerica.com\/blog\/wp-json\/wp\/v2\/media?parent=393"}],"wp:term":[{"taxonomy":"category","embeddable":true,"href":"https:\/\/aurenenlatinoamerica.com\/blog\/wp-json\/wp\/v2\/categories?post=393"},{"taxonomy":"post_tag","embeddable":true,"href":"https:\/\/aurenenlatinoamerica.com\/blog\/wp-json\/wp\/v2\/tags?post=393"}],"curies":[{"name":"wp","href":"https:\/\/api.w.org\/{rel}","templated":true}]}}