{"id":325,"date":"2023-10-19T11:14:56","date_gmt":"2023-10-19T14:14:56","guid":{"rendered":"https:\/\/aurenenlatinoamerica.com\/blog\/?p=325"},"modified":"2023-10-19T11:14:57","modified_gmt":"2023-10-19T14:14:57","slug":"como-hacer-negocios-en-paraguay","status":"publish","type":"post","link":"https:\/\/aurenenlatinoamerica.com\/blog\/como-hacer-negocios-en-paraguay\/","title":{"rendered":"C\u00f3mo hacer negocios en Paraguay"},"content":{"rendered":"\n<p>Bajo el t\u00edtulo \u00a8C\u00f3mo hacer negocios en Paraguay\u00a8 realizamos el primer encuentro virtual, con la participaci\u00f3n como disertante del Senador Gustavo Leite, ex Ministro de Planificaci\u00f3n y ex Ministro de Industria y Comercio, quien nos brind\u00f3 una perspectiva general de las favorables condiciones que ofrece Paraguay para la inversi\u00f3n.<\/p>\n\n\n\n<p>Con un clima de Negocios, que alcanz\u00f3 162,3 puntos, la cifra m\u00e1s elevada en Latinoam\u00e9rica, seg\u00fan la medici\u00f3n de la Fundaci\u00f3n Getulio Vargas, Paraguay lidera en todos los indicadores de evaluaci\u00f3n; un PIB previsto por el Banco Mundial con un crecimiento de 5,2 para el a\u00f1o 2023 y una Inflaci\u00f3n que al mes de junio del a\u00f1o 2023 seg\u00fan el Banco Central del Paraguay, medida por la variaci\u00f3n del \u00cdndice de Precios al Consumidor (IPC), fue del -0,3%, inferior a la variaci\u00f3n del 0,5% registrada en el mismo mes del a\u00f1o anterior, que arrojar\u00eda un acumulado a lo que va del a\u00f1o 2023 de 2,2%.<\/p>\n\n\n\n<p>En el encuentro abordamos diversos temas como el R\u00e9gimen de Maquila para el fomento de la industria, las condiciones impositivas, y una exposici\u00f3n general de la situaci\u00f3n actual y proyectada a los pr\u00f3ximos a\u00f1os que desde Auren estamos seguros ser\u00e1 de mucha utilidad para explorar oportunidades.<\/p>\n\n\n\n<p>Volvemos a encontrarnos en el pr\u00f3ximo encuentro Vol.2 \u201cC\u00f3mo hacer negocios en Paraguay\u201d que realizaremos el pr\u00f3ximo martes 24 de Octubre con el fin de continuar con la situaci\u00f3n actual y conocer las oportunidades empresariales para Pymes en el territorio. Con la disertaci\u00f3n de Gustavo Gimenez, Vice Ministro de MIPYMES, Ministro de Industria y Comercio Paraguay, Rafael Heiseck, tributarista y Gustavo Crossa, Ceo de Auren Paraguay.<\/p>\n\n\n\n<p>Webinar | \u201cC\u00f3mo hacer negocios en Paraguay\u201d Vol. 2<\/p>\n\n\n\n<p>Martes 24 de Octubre<\/p>\n\n\n\n<p>\ud83d\udd58 12hs&nbsp; MEX \ud83c\uddf2\ud83c\uddfd<\/p>\n\n\n\n<p>\ud83d\udd59 13hs&nbsp; COL \ud83c\udde8\ud83c\uddf4<\/p>\n\n\n\n<p>\ud83d\udd5a 15hs&nbsp; ARG \ud83c\udde6\ud83c\uddf7 \/ URU \ud83c\uddfa\ud83c\uddfe \/ PAR \ud83c\uddf5\ud83c\uddfe \/ CHILE \ud83c\udde8\ud83c\uddf1<\/p>\n\n\n\n<p>\ud83d\udd17 Inscripciones ac\u00e1 \ud83d\udc49\u00a0 <a href=\"https:\/\/acortar.link\/4sB0u8\">https:\/\/acortar.link\/4sB0u8<\/a><\/p>\n","protected":false},"excerpt":{"rendered":"<p>Bajo el t\u00edtulo \u00a8C\u00f3mo hacer negocios en Paraguay\u00a8 realizamos el primer encuentro virtual, con la participaci\u00f3n como disertante del Senador Gustavo Leite, ex Ministro de Planificaci\u00f3n y ex Ministro de Industria y Comercio, quien nos brind\u00f3 una perspectiva general de las favorables condiciones que ofrece Paraguay para la inversi\u00f3n. Con un clima de Negocios, que [&hellip;]<\/p>\n","protected":false},"author":6,"featured_media":326,"comment_status":"closed","ping_status":"closed","sticky":false,"template":"","format":"standard","meta":{"footnotes":""},"categories":[3],"tags":[],"class_list":["post-325","post","type-post","status-publish","format-standard","has-post-thumbnail","hentry","category-tax"],"_links":{"self":[{"href":"https:\/\/aurenenlatinoamerica.com\/blog\/wp-json\/wp\/v2\/posts\/325","targetHints":{"allow":["GET"]}}],"collection":[{"href":"https:\/\/aurenenlatinoamerica.com\/blog\/wp-json\/wp\/v2\/posts"}],"about":[{"href":"https:\/\/aurenenlatinoamerica.com\/blog\/wp-json\/wp\/v2\/types\/post"}],"author":[{"embeddable":true,"href":"https:\/\/aurenenlatinoamerica.com\/blog\/wp-json\/wp\/v2\/users\/6"}],"replies":[{"embeddable":true,"href":"https:\/\/aurenenlatinoamerica.com\/blog\/wp-json\/wp\/v2\/comments?post=325"}],"version-history":[{"count":1,"href":"https:\/\/aurenenlatinoamerica.com\/blog\/wp-json\/wp\/v2\/posts\/325\/revisions"}],"predecessor-version":[{"id":327,"href":"https:\/\/aurenenlatinoamerica.com\/blog\/wp-json\/wp\/v2\/posts\/325\/revisions\/327"}],"wp:featuredmedia":[{"embeddable":true,"href":"https:\/\/aurenenlatinoamerica.com\/blog\/wp-json\/wp\/v2\/media\/326"}],"wp:attachment":[{"href":"https:\/\/aurenenlatinoamerica.com\/blog\/wp-json\/wp\/v2\/media?parent=325"}],"wp:term":[{"taxonomy":"category","embeddable":true,"href":"https:\/\/aurenenlatinoamerica.com\/blog\/wp-json\/wp\/v2\/categories?post=325"},{"taxonomy":"post_tag","embeddable":true,"href":"https:\/\/aurenenlatinoamerica.com\/blog\/wp-json\/wp\/v2\/tags?post=325"}],"curies":[{"name":"wp","href":"https:\/\/api.w.org\/{rel}","templated":true}]}}